{"id":4480,"date":"2025-10-09T09:53:17","date_gmt":"2025-10-09T07:53:17","guid":{"rendered":"https:\/\/vs-lohnsburg.at\/?p=4480"},"modified":"2025-10-09T09:53:17","modified_gmt":"2025-10-09T07:53:17","slug":"wandertag-der-2-klassen-2","status":"publish","type":"post","link":"https:\/\/vs-lohnsburg.at\/?p=4480","title":{"rendered":"Wandertag der 2.Klassen"},"content":{"rendered":"\n<p>Die Kinder der 2a und 2b verbrachten gemeinsam einen wundervollen Herbsttag. Unsere Wanderung f\u00fchrte uns nach Hochkuchl und anschlie\u00dfend in den Wald. Dort wurden flei\u00dfig kleine Wichtelh\u00e4user gebaut und die Zeit verging wie im Flug. Gem\u00fctliche Jausenpausen durften nat\u00fcrlich bei einer so anstrengenden Wanderung nicht fehlen. Unsere Klassentiere \u201eEule Lilli\u201c und \u201eFabi Fuchs\u201c begleiteten uns auf dem Weg und motivierten uns beim Wandern!<\/p>\n\n\n\n<p>Es war ein toller Tag!<\/p>\n\n\n\n<figure class=\"wp-block-image size-large\"><img loading=\"lazy\" decoding=\"async\" width=\"768\" height=\"1024\" src=\"https:\/\/vs-lohnsburg.at\/wp-content\/uploads\/2025\/10\/29-768x1024.jpg\" alt=\"\" class=\"wp-image-4481\" srcset=\"https:\/\/vs-lohnsburg.at\/wp-content\/uploads\/2025\/10\/29-768x1024.jpg 768w, https:\/\/vs-lohnsburg.at\/wp-content\/uploads\/2025\/10\/29-225x300.jpg 225w, https:\/\/vs-lohnsburg.at\/wp-content\/uploads\/2025\/10\/29-1152x1536.jpg 1152w, https:\/\/vs-lohnsburg.at\/wp-content\/uploads\/2025\/10\/29.jpg 1200w\" sizes=\"auto, (max-width: 768px) 100vw, 768px\" \/><\/figure>\n\n\n\n<figure class=\"wp-block-image size-large\"><img loading=\"lazy\" decoding=\"async\" width=\"768\" height=\"1024\" src=\"https:\/\/vs-lohnsburg.at\/wp-content\/uploads\/2025\/10\/17-768x1024.jpg\" alt=\"\" class=\"wp-image-4482\" srcset=\"https:\/\/vs-lohnsburg.at\/wp-content\/uploads\/2025\/10\/17-768x1024.jpg 768w, https:\/\/vs-lohnsburg.at\/wp-content\/uploads\/2025\/10\/17-225x300.jpg 225w, https:\/\/vs-lohnsburg.at\/wp-content\/uploads\/2025\/10\/17-1152x1536.jpg 1152w, https:\/\/vs-lohnsburg.at\/wp-content\/uploads\/2025\/10\/17.jpg 1200w\" sizes=\"auto, (max-width: 768px) 100vw, 768px\" \/><\/figure>\n\n\n\n<figure class=\"wp-block-image size-large\"><img loading=\"lazy\" decoding=\"async\" width=\"768\" height=\"1024\" src=\"https:\/\/vs-lohnsburg.at\/wp-content\/uploads\/2025\/10\/19-768x1024.jpg\" alt=\"\" class=\"wp-image-4483\" srcset=\"https:\/\/vs-lohnsburg.at\/wp-content\/uploads\/2025\/10\/19-768x1024.jpg 768w, https:\/\/vs-lohnsburg.at\/wp-content\/uploads\/2025\/10\/19-225x300.jpg 225w, https:\/\/vs-lohnsburg.at\/wp-content\/uploads\/2025\/10\/19-1152x1536.jpg 1152w, https:\/\/vs-lohnsburg.at\/wp-content\/uploads\/2025\/10\/19.jpg 1200w\" sizes=\"auto, (max-width: 768px) 100vw, 768px\" \/><\/figure>\n\n\n\n<figure class=\"wp-block-image size-large\"><img loading=\"lazy\" decoding=\"async\" width=\"768\" height=\"1024\" src=\"https:\/\/vs-lohnsburg.at\/wp-content\/uploads\/2025\/10\/27-768x1024.jpg\" alt=\"\" class=\"wp-image-4484\" srcset=\"https:\/\/vs-lohnsburg.at\/wp-content\/uploads\/2025\/10\/27-768x1024.jpg 768w, https:\/\/vs-lohnsburg.at\/wp-content\/uploads\/2025\/10\/27-225x300.jpg 225w, https:\/\/vs-lohnsburg.at\/wp-content\/uploads\/2025\/10\/27-1152x1536.jpg 1152w, https:\/\/vs-lohnsburg.at\/wp-content\/uploads\/2025\/10\/27.jpg 1200w\" sizes=\"auto, (max-width: 768px) 100vw, 768px\" \/><\/figure>\n\n\n\n<figure class=\"wp-block-image size-large\"><img loading=\"lazy\" decoding=\"async\" width=\"768\" height=\"1024\" src=\"https:\/\/vs-lohnsburg.at\/wp-content\/uploads\/2025\/10\/37-768x1024.jpg\" alt=\"\" class=\"wp-image-4485\" srcset=\"https:\/\/vs-lohnsburg.at\/wp-content\/uploads\/2025\/10\/37-768x1024.jpg 768w, https:\/\/vs-lohnsburg.at\/wp-content\/uploads\/2025\/10\/37-225x300.jpg 225w, https:\/\/vs-lohnsburg.at\/wp-content\/uploads\/2025\/10\/37-1152x1536.jpg 1152w, https:\/\/vs-lohnsburg.at\/wp-content\/uploads\/2025\/10\/37.jpg 1200w\" sizes=\"auto, (max-width: 768px) 100vw, 768px\" \/><\/figure>\n","protected":false},"excerpt":{"rendered":"<p>Die Kinder der 2a und 2b verbrachten gemeinsam einen wundervollen Herbsttag. Unsere Wanderung f\u00fchrte uns nach Hochkuchl und anschlie\u00dfend in &hellip; <\/p>\n","protected":false},"author":1,"featured_media":0,"comment_status":"closed","ping_status":"","sticky":false,"template":"","format":"standard","meta":{"footnotes":""},"categories":[11],"tags":[],"class_list":["post-4480","post","type-post","status-publish","format-standard","hentry","category-schule"],"_links":{"self":[{"href":"https:\/\/vs-lohnsburg.at\/index.php?rest_route=\/wp\/v2\/posts\/4480","targetHints":{"allow":["GET"]}}],"collection":[{"href":"https:\/\/vs-lohnsburg.at\/index.php?rest_route=\/wp\/v2\/posts"}],"about":[{"href":"https:\/\/vs-lohnsburg.at\/index.php?rest_route=\/wp\/v2\/types\/post"}],"author":[{"embeddable":true,"href":"https:\/\/vs-lohnsburg.at\/index.php?rest_route=\/wp\/v2\/users\/1"}],"replies":[{"embeddable":true,"href":"https:\/\/vs-lohnsburg.at\/index.php?rest_route=%2Fwp%2Fv2%2Fcomments&post=4480"}],"version-history":[{"count":1,"href":"https:\/\/vs-lohnsburg.at\/index.php?rest_route=\/wp\/v2\/posts\/4480\/revisions"}],"predecessor-version":[{"id":4486,"href":"https:\/\/vs-lohnsburg.at\/index.php?rest_route=\/wp\/v2\/posts\/4480\/revisions\/4486"}],"wp:attachment":[{"href":"https:\/\/vs-lohnsburg.at\/index.php?rest_route=%2Fwp%2Fv2%2Fmedia&parent=4480"}],"wp:term":[{"taxonomy":"category","embeddable":true,"href":"https:\/\/vs-lohnsburg.at\/index.php?rest_route=%2Fwp%2Fv2%2Fcategories&post=4480"},{"taxonomy":"post_tag","embeddable":true,"href":"https:\/\/vs-lohnsburg.at\/index.php?rest_route=%2Fwp%2Fv2%2Ftags&post=4480"}],"curies":[{"name":"wp","href":"https:\/\/api.w.org\/{rel}","templated":true}]}}