{"id":4176,"date":"2025-04-22T07:08:33","date_gmt":"2025-04-22T05:08:33","guid":{"rendered":"https:\/\/vs-lohnsburg.at\/?p=4176"},"modified":"2025-04-22T07:08:33","modified_gmt":"2025-04-22T05:08:33","slug":"vorlesetag-im-kindergarten","status":"publish","type":"post","link":"https:\/\/vs-lohnsburg.at\/?p=4176","title":{"rendered":"Vorlesetag im Kindergarten"},"content":{"rendered":"\n<p>Auch die zweiten Klassen nutzten den Vorlesetag. Mit zahlreichen B\u00fcchern machten sich die Kinder auf den Weg zum Kindergarten. Das Vorlesen der Geschichten bereitete nicht nur den Kindergartenkindern Freude. Auch die Schulkinder freuten sich, ihre ausgew\u00e4hlten B\u00fccher vorlesen zu d\u00fcrfen. Einen sch\u00f6nen Ausklang fand der Besuch beim gemeinsamen Spielen im Garten.\u00a0<\/p>\n\n\n\n<figure class=\"wp-block-image size-large\"><img decoding=\"async\" src=\"https:\/\/vs-lohnsburg.at\/wp-content\/uploads\/2025\/04\/20250409_101730-1-1024x768.jpg\" alt=\"\" class=\"wp-image-4178\"\/><\/figure>\n\n\n\n<figure class=\"wp-block-image size-large\"><img loading=\"lazy\" decoding=\"async\" width=\"1024\" height=\"768\" src=\"https:\/\/vs-lohnsburg.at\/wp-content\/uploads\/2025\/04\/20250409_102112-1024x768.jpg\" alt=\"\" class=\"wp-image-4179\" srcset=\"https:\/\/vs-lohnsburg.at\/wp-content\/uploads\/2025\/04\/20250409_102112-1024x768.jpg 1024w, https:\/\/vs-lohnsburg.at\/wp-content\/uploads\/2025\/04\/20250409_102112-300x225.jpg 300w, https:\/\/vs-lohnsburg.at\/wp-content\/uploads\/2025\/04\/20250409_102112-768x576.jpg 768w, https:\/\/vs-lohnsburg.at\/wp-content\/uploads\/2025\/04\/20250409_102112-1536x1152.jpg 1536w, https:\/\/vs-lohnsburg.at\/wp-content\/uploads\/2025\/04\/20250409_102112-2048x1536.jpg 2048w\" sizes=\"auto, (max-width: 1024px) 100vw, 1024px\" \/><\/figure>\n\n\n\n<figure class=\"wp-block-image size-large\"><img loading=\"lazy\" decoding=\"async\" width=\"1024\" height=\"768\" src=\"https:\/\/vs-lohnsburg.at\/wp-content\/uploads\/2025\/04\/20250409_102424-1024x768.jpg\" alt=\"\" class=\"wp-image-4180\" srcset=\"https:\/\/vs-lohnsburg.at\/wp-content\/uploads\/2025\/04\/20250409_102424-1024x768.jpg 1024w, https:\/\/vs-lohnsburg.at\/wp-content\/uploads\/2025\/04\/20250409_102424-300x225.jpg 300w, https:\/\/vs-lohnsburg.at\/wp-content\/uploads\/2025\/04\/20250409_102424-768x576.jpg 768w, https:\/\/vs-lohnsburg.at\/wp-content\/uploads\/2025\/04\/20250409_102424-1536x1152.jpg 1536w, https:\/\/vs-lohnsburg.at\/wp-content\/uploads\/2025\/04\/20250409_102424-2048x1536.jpg 2048w\" sizes=\"auto, (max-width: 1024px) 100vw, 1024px\" \/><\/figure>\n\n\n\n<figure class=\"wp-block-image size-large\"><img loading=\"lazy\" decoding=\"async\" width=\"1024\" height=\"768\" src=\"https:\/\/vs-lohnsburg.at\/wp-content\/uploads\/2025\/04\/20250409_102623-1024x768.jpg\" alt=\"\" class=\"wp-image-4181\" srcset=\"https:\/\/vs-lohnsburg.at\/wp-content\/uploads\/2025\/04\/20250409_102623-1024x768.jpg 1024w, https:\/\/vs-lohnsburg.at\/wp-content\/uploads\/2025\/04\/20250409_102623-300x225.jpg 300w, https:\/\/vs-lohnsburg.at\/wp-content\/uploads\/2025\/04\/20250409_102623-768x576.jpg 768w, https:\/\/vs-lohnsburg.at\/wp-content\/uploads\/2025\/04\/20250409_102623-1536x1152.jpg 1536w, https:\/\/vs-lohnsburg.at\/wp-content\/uploads\/2025\/04\/20250409_102623-2048x1536.jpg 2048w\" sizes=\"auto, (max-width: 1024px) 100vw, 1024px\" \/><\/figure>\n","protected":false},"excerpt":{"rendered":"<p>Auch die zweiten Klassen nutzten den Vorlesetag. Mit zahlreichen B\u00fcchern machten sich die Kinder auf den Weg zum Kindergarten. Das &hellip; <\/p>\n","protected":false},"author":1,"featured_media":0,"comment_status":"closed","ping_status":"","sticky":false,"template":"","format":"standard","meta":{"footnotes":""},"categories":[11],"tags":[],"class_list":["post-4176","post","type-post","status-publish","format-standard","hentry","category-schule"],"_links":{"self":[{"href":"https:\/\/vs-lohnsburg.at\/index.php?rest_route=\/wp\/v2\/posts\/4176","targetHints":{"allow":["GET"]}}],"collection":[{"href":"https:\/\/vs-lohnsburg.at\/index.php?rest_route=\/wp\/v2\/posts"}],"about":[{"href":"https:\/\/vs-lohnsburg.at\/index.php?rest_route=\/wp\/v2\/types\/post"}],"author":[{"embeddable":true,"href":"https:\/\/vs-lohnsburg.at\/index.php?rest_route=\/wp\/v2\/users\/1"}],"replies":[{"embeddable":true,"href":"https:\/\/vs-lohnsburg.at\/index.php?rest_route=%2Fwp%2Fv2%2Fcomments&post=4176"}],"version-history":[{"count":1,"href":"https:\/\/vs-lohnsburg.at\/index.php?rest_route=\/wp\/v2\/posts\/4176\/revisions"}],"predecessor-version":[{"id":4182,"href":"https:\/\/vs-lohnsburg.at\/index.php?rest_route=\/wp\/v2\/posts\/4176\/revisions\/4182"}],"wp:attachment":[{"href":"https:\/\/vs-lohnsburg.at\/index.php?rest_route=%2Fwp%2Fv2%2Fmedia&parent=4176"}],"wp:term":[{"taxonomy":"category","embeddable":true,"href":"https:\/\/vs-lohnsburg.at\/index.php?rest_route=%2Fwp%2Fv2%2Fcategories&post=4176"},{"taxonomy":"post_tag","embeddable":true,"href":"https:\/\/vs-lohnsburg.at\/index.php?rest_route=%2Fwp%2Fv2%2Ftags&post=4176"}],"curies":[{"name":"wp","href":"https:\/\/api.w.org\/{rel}","templated":true}]}}