{"id":4128,"date":"2025-03-31T07:04:26","date_gmt":"2025-03-31T05:04:26","guid":{"rendered":"https:\/\/vs-lohnsburg.at\/?p=4128"},"modified":"2025-03-31T07:04:26","modified_gmt":"2025-03-31T05:04:26","slug":"klassenuebergreifende-geschichtenzeit-am-vorlesetag","status":"publish","type":"post","link":"https:\/\/vs-lohnsburg.at\/?p=4128","title":{"rendered":"Klassen\u00fcbergreifende Geschichtenzeit am Vorlesetag"},"content":{"rendered":"\n<p>Die Kinder der 4b und 1b nahmen den bundesweiten Vorlesetag am 28. M\u00e4rz 2025 als Anlass, um sich gegenseitig vorzulesen. An gem\u00fctlichen Pl\u00e4tzen konnten die Sch\u00fcler und Sch\u00fclerinnen zu zweit oder zu dritt in Geschichten eintauchen. Sowohl die Erstkl\u00e4sslerInnen wie auch die &#8218;Gro\u00dfen&#8216; genossen diese klassen\u00fcbergreifende Leseauszeit sehr.<\/p>\n\n\n\n<figure class=\"wp-block-image size-large\"><img loading=\"lazy\" decoding=\"async\" width=\"1024\" height=\"768\" src=\"https:\/\/vs-lohnsburg.at\/wp-content\/uploads\/2025\/03\/1000038770-1024x768.jpg\" alt=\"\" class=\"wp-image-4129\" srcset=\"https:\/\/vs-lohnsburg.at\/wp-content\/uploads\/2025\/03\/1000038770-1024x768.jpg 1024w, https:\/\/vs-lohnsburg.at\/wp-content\/uploads\/2025\/03\/1000038770-300x225.jpg 300w, https:\/\/vs-lohnsburg.at\/wp-content\/uploads\/2025\/03\/1000038770-768x576.jpg 768w, https:\/\/vs-lohnsburg.at\/wp-content\/uploads\/2025\/03\/1000038770-1536x1152.jpg 1536w, https:\/\/vs-lohnsburg.at\/wp-content\/uploads\/2025\/03\/1000038770.jpg 2040w\" sizes=\"auto, (max-width: 1024px) 100vw, 1024px\" \/><\/figure>\n\n\n\n<figure class=\"wp-block-image size-large\"><img loading=\"lazy\" decoding=\"async\" width=\"1024\" height=\"768\" src=\"https:\/\/vs-lohnsburg.at\/wp-content\/uploads\/2025\/03\/1000038765-1024x768.jpg\" alt=\"\" class=\"wp-image-4130\" srcset=\"https:\/\/vs-lohnsburg.at\/wp-content\/uploads\/2025\/03\/1000038765-1024x768.jpg 1024w, https:\/\/vs-lohnsburg.at\/wp-content\/uploads\/2025\/03\/1000038765-300x225.jpg 300w, https:\/\/vs-lohnsburg.at\/wp-content\/uploads\/2025\/03\/1000038765-768x576.jpg 768w, https:\/\/vs-lohnsburg.at\/wp-content\/uploads\/2025\/03\/1000038765-1536x1152.jpg 1536w, https:\/\/vs-lohnsburg.at\/wp-content\/uploads\/2025\/03\/1000038765.jpg 2040w\" sizes=\"auto, (max-width: 1024px) 100vw, 1024px\" \/><\/figure>\n\n\n\n<figure class=\"wp-block-image size-large\"><img loading=\"lazy\" decoding=\"async\" width=\"1024\" height=\"768\" src=\"https:\/\/vs-lohnsburg.at\/wp-content\/uploads\/2025\/03\/1000038768-1024x768.jpg\" alt=\"\" class=\"wp-image-4131\" srcset=\"https:\/\/vs-lohnsburg.at\/wp-content\/uploads\/2025\/03\/1000038768-1024x768.jpg 1024w, https:\/\/vs-lohnsburg.at\/wp-content\/uploads\/2025\/03\/1000038768-300x225.jpg 300w, https:\/\/vs-lohnsburg.at\/wp-content\/uploads\/2025\/03\/1000038768-768x576.jpg 768w, https:\/\/vs-lohnsburg.at\/wp-content\/uploads\/2025\/03\/1000038768-1536x1152.jpg 1536w, https:\/\/vs-lohnsburg.at\/wp-content\/uploads\/2025\/03\/1000038768.jpg 2040w\" sizes=\"auto, (max-width: 1024px) 100vw, 1024px\" \/><\/figure>\n\n\n\n<figure class=\"wp-block-image size-large\"><img loading=\"lazy\" decoding=\"async\" width=\"1024\" height=\"768\" src=\"https:\/\/vs-lohnsburg.at\/wp-content\/uploads\/2025\/03\/1000038769-1024x768.jpg\" alt=\"\" class=\"wp-image-4132\" srcset=\"https:\/\/vs-lohnsburg.at\/wp-content\/uploads\/2025\/03\/1000038769-1024x768.jpg 1024w, https:\/\/vs-lohnsburg.at\/wp-content\/uploads\/2025\/03\/1000038769-300x225.jpg 300w, https:\/\/vs-lohnsburg.at\/wp-content\/uploads\/2025\/03\/1000038769-768x576.jpg 768w, https:\/\/vs-lohnsburg.at\/wp-content\/uploads\/2025\/03\/1000038769-1536x1152.jpg 1536w, https:\/\/vs-lohnsburg.at\/wp-content\/uploads\/2025\/03\/1000038769.jpg 2040w\" sizes=\"auto, (max-width: 1024px) 100vw, 1024px\" \/><\/figure>\n","protected":false},"excerpt":{"rendered":"<p>Die Kinder der 4b und 1b nahmen den bundesweiten Vorlesetag am 28. M\u00e4rz 2025 als Anlass, um sich gegenseitig vorzulesen. &hellip; <\/p>\n","protected":false},"author":1,"featured_media":0,"comment_status":"closed","ping_status":"","sticky":false,"template":"","format":"standard","meta":{"footnotes":""},"categories":[11],"tags":[],"class_list":["post-4128","post","type-post","status-publish","format-standard","hentry","category-schule"],"_links":{"self":[{"href":"https:\/\/vs-lohnsburg.at\/index.php?rest_route=\/wp\/v2\/posts\/4128","targetHints":{"allow":["GET"]}}],"collection":[{"href":"https:\/\/vs-lohnsburg.at\/index.php?rest_route=\/wp\/v2\/posts"}],"about":[{"href":"https:\/\/vs-lohnsburg.at\/index.php?rest_route=\/wp\/v2\/types\/post"}],"author":[{"embeddable":true,"href":"https:\/\/vs-lohnsburg.at\/index.php?rest_route=\/wp\/v2\/users\/1"}],"replies":[{"embeddable":true,"href":"https:\/\/vs-lohnsburg.at\/index.php?rest_route=%2Fwp%2Fv2%2Fcomments&post=4128"}],"version-history":[{"count":1,"href":"https:\/\/vs-lohnsburg.at\/index.php?rest_route=\/wp\/v2\/posts\/4128\/revisions"}],"predecessor-version":[{"id":4133,"href":"https:\/\/vs-lohnsburg.at\/index.php?rest_route=\/wp\/v2\/posts\/4128\/revisions\/4133"}],"wp:attachment":[{"href":"https:\/\/vs-lohnsburg.at\/index.php?rest_route=%2Fwp%2Fv2%2Fmedia&parent=4128"}],"wp:term":[{"taxonomy":"category","embeddable":true,"href":"https:\/\/vs-lohnsburg.at\/index.php?rest_route=%2Fwp%2Fv2%2Fcategories&post=4128"},{"taxonomy":"post_tag","embeddable":true,"href":"https:\/\/vs-lohnsburg.at\/index.php?rest_route=%2Fwp%2Fv2%2Ftags&post=4128"}],"curies":[{"name":"wp","href":"https:\/\/api.w.org\/{rel}","templated":true}]}}