{"id":3341,"date":"2024-10-08T06:47:56","date_gmt":"2024-10-08T04:47:56","guid":{"rendered":"https:\/\/vs-lohnsburg.at\/?p=3341"},"modified":"2024-10-08T07:04:22","modified_gmt":"2024-10-08T05:04:22","slug":"einkaufen-mit-koepfchen","status":"publish","type":"post","link":"https:\/\/vs-lohnsburg.at\/?p=3341","title":{"rendered":"Einkaufen mit K\u00f6pfchen"},"content":{"rendered":"\r\n<p>Im Rahmen des Klimaschulenprojekts wurden die dritten Klassen von der Seminarb\u00e4uerin Elisabeth H\u00f6randner besucht, welche diese in eine klimaschonende Ern\u00e4hrung einf\u00fchrte. So wurden unter anderem Indikatoren besprochen, durch welche saisonale, regionale und biologische Produkte im Supermarkt identifiziert werden k\u00f6nnen. Zudem wurden diverse Siegel, wie beispielsweise das AMA-G\u00fctesiegel vorgestellt und die Saisonalit\u00e4t verschiedener Obst- und Gem\u00fcsesorten besprochen. Auf diese Weise lernten die Kinder, was uns das Etikett beim Lebensmitteleinkauf verr\u00e4t und warum jeder einzelne von uns mit dem Griff ins Regal mitentscheidet, wie die Welt von morgen aussieht.<\/p>\r\n\r\n\r\n\r\n<figure class=\"wp-block-image size-full is-resized\"><div id=\"metaslider-id-3346\" style=\"max-width: 700px; margin: 0 auto;\" class=\"ml-slider-3-99-0 metaslider metaslider-nivo metaslider-3346 ml-slider ms-theme-default\" role=\"region\" aria-label=\"Einkaufen mit K\u00f6pfchen\" data-width=\"700\">\n    <div id=\"metaslider_container_3346\">\n        <div class='slider-wrapper theme-default'><div class='ribbon'><\/div><div id='metaslider_3346' class='nivoSlider'><img loading=\"lazy\" decoding=\"async\" width=\"1920\" height=\"2560\" src=\"https:\/\/vs-lohnsburg.at\/wp-content\/uploads\/2024\/10\/IMG_2736-scaled.jpeg\" class=\"slider-3346 slide-3347 msDefaultImage\" alt=\"\" data-caption=\"\" data-thumb=\"\" title=\"IMG_2736\" rel=\"\" srcset=\"https:\/\/vs-lohnsburg.at\/wp-content\/uploads\/2024\/10\/IMG_2736-scaled.jpeg 1920w, https:\/\/vs-lohnsburg.at\/wp-content\/uploads\/2024\/10\/IMG_2736-225x300.jpeg 225w, https:\/\/vs-lohnsburg.at\/wp-content\/uploads\/2024\/10\/IMG_2736-768x1024.jpeg 768w, https:\/\/vs-lohnsburg.at\/wp-content\/uploads\/2024\/10\/IMG_2736-1152x1536.jpeg 1152w, https:\/\/vs-lohnsburg.at\/wp-content\/uploads\/2024\/10\/IMG_2736-1536x2048.jpeg 1536w\" sizes=\"auto, (max-width: 1920px) 100vw, 1920px\" \/><\/div><\/div>\n        \n    <\/div>\n<\/div>\u00a0 <img loading=\"lazy\" decoding=\"async\" class=\"alignleft\" src=\"https:\/\/vs-lohnsburg.at\/wp-content\/uploads\/2024\/09\/KEMlogo3zeiligunten300ppi-1024x962.png\" width=\"210\" height=\"197\" \/><img loading=\"lazy\" decoding=\"async\" class=\"alignright\" src=\"https:\/\/vs-lohnsburg.at\/wp-content\/uploads\/2024\/09\/klimafonds_2D_RBG.png\" width=\"224\" height=\"192\" \/><\/figure>\r\n\r\n\r\n","protected":false},"excerpt":{"rendered":"<p>Im Rahmen des Klimaschulenprojekts wurden die dritten Klassen von der Seminarb\u00e4uerin Elisabeth H\u00f6randner besucht, welche diese in eine klimaschonende Ern\u00e4hrung &hellip; <\/p>\n","protected":false},"author":1,"featured_media":0,"comment_status":"closed","ping_status":"closed","sticky":false,"template":"","format":"standard","meta":{"footnotes":""},"categories":[11],"tags":[],"class_list":["post-3341","post","type-post","status-publish","format-standard","hentry","category-schule"],"_links":{"self":[{"href":"https:\/\/vs-lohnsburg.at\/index.php?rest_route=\/wp\/v2\/posts\/3341","targetHints":{"allow":["GET"]}}],"collection":[{"href":"https:\/\/vs-lohnsburg.at\/index.php?rest_route=\/wp\/v2\/posts"}],"about":[{"href":"https:\/\/vs-lohnsburg.at\/index.php?rest_route=\/wp\/v2\/types\/post"}],"author":[{"embeddable":true,"href":"https:\/\/vs-lohnsburg.at\/index.php?rest_route=\/wp\/v2\/users\/1"}],"replies":[{"embeddable":true,"href":"https:\/\/vs-lohnsburg.at\/index.php?rest_route=%2Fwp%2Fv2%2Fcomments&post=3341"}],"version-history":[{"count":8,"href":"https:\/\/vs-lohnsburg.at\/index.php?rest_route=\/wp\/v2\/posts\/3341\/revisions"}],"predecessor-version":[{"id":3376,"href":"https:\/\/vs-lohnsburg.at\/index.php?rest_route=\/wp\/v2\/posts\/3341\/revisions\/3376"}],"wp:attachment":[{"href":"https:\/\/vs-lohnsburg.at\/index.php?rest_route=%2Fwp%2Fv2%2Fmedia&parent=3341"}],"wp:term":[{"taxonomy":"category","embeddable":true,"href":"https:\/\/vs-lohnsburg.at\/index.php?rest_route=%2Fwp%2Fv2%2Fcategories&post=3341"},{"taxonomy":"post_tag","embeddable":true,"href":"https:\/\/vs-lohnsburg.at\/index.php?rest_route=%2Fwp%2Fv2%2Ftags&post=3341"}],"curies":[{"name":"wp","href":"https:\/\/api.w.org\/{rel}","templated":true}]}}