{"id":2845,"date":"2024-05-27T06:22:25","date_gmt":"2024-05-27T04:22:25","guid":{"rendered":"https:\/\/vs-lohnsburg.at\/?p=2845"},"modified":"2024-05-27T06:26:10","modified_gmt":"2024-05-27T04:26:10","slug":"klimaaktiv-mobil-radfahrkurs","status":"publish","type":"post","link":"https:\/\/vs-lohnsburg.at\/?p=2845","title":{"rendered":"Klimaaktiv mobil Radfahrkurs"},"content":{"rendered":"\r\n<p>Am Freitag, 24. Mai 2024, nahmen die Kinder der dritten Klassen am &#8222;Klimaaktiv mobil Radfahrkurs&#8220; teil. In dem vom Bundesministerium f\u00fcr Klimaschutz gef\u00f6rderten Kurs lernten die Drittkl\u00e4sserInnen von den beiden Trainern zuerst das Wichtigste zu den Themen Verkehr und Sicherheit. Nach dem Helm- und Radcheck ging es ab zum Parcours, bei dem die Kinder ihr Fahrk\u00f6nnen demonstrieren und ihr Wissen zu den Verkehrsregeln \u00fcben konnten. Eine besondere Herausforderung stellte das Linksabbiegen dar und auch die &#8222;Gemeine Gasse&#8220; hatte es in sich.\u00a0<\/p>\r\n<div id=\"metaslider-id-2847\" style=\"max-width: 700px; margin: 0 auto;\" class=\"ml-slider-3-99-0 metaslider metaslider-nivo metaslider-2847 ml-slider ms-theme-default\" role=\"region\" aria-label=\"Klimaaktiv mobil Radfahrkurs\" data-width=\"700\">\n    <div id=\"metaslider_container_2847\">\n        <div class='slider-wrapper theme-default'><div class='ribbon'><\/div><div id='metaslider_2847' class='nivoSlider'><img loading=\"lazy\" decoding=\"async\" width=\"2304\" height=\"1728\" src=\"https:\/\/vs-lohnsburg.at\/wp-content\/uploads\/2024\/05\/IMG_20240524_095324.jpg\" class=\"slider-2847 slide-2872 msDefaultImage\" alt=\"\" data-caption=\"\" data-thumb=\"\" title=\"IMG_20240524_095324\" rel=\"\" srcset=\"https:\/\/vs-lohnsburg.at\/wp-content\/uploads\/2024\/05\/IMG_20240524_095324.jpg 2304w, https:\/\/vs-lohnsburg.at\/wp-content\/uploads\/2024\/05\/IMG_20240524_095324-300x225.jpg 300w, https:\/\/vs-lohnsburg.at\/wp-content\/uploads\/2024\/05\/IMG_20240524_095324-1024x768.jpg 1024w, https:\/\/vs-lohnsburg.at\/wp-content\/uploads\/2024\/05\/IMG_20240524_095324-768x576.jpg 768w, https:\/\/vs-lohnsburg.at\/wp-content\/uploads\/2024\/05\/IMG_20240524_095324-1536x1152.jpg 1536w, https:\/\/vs-lohnsburg.at\/wp-content\/uploads\/2024\/05\/IMG_20240524_095324-2048x1536.jpg 2048w\" sizes=\"auto, (max-width: 2304px) 100vw, 2304px\" \/><img loading=\"lazy\" decoding=\"async\" width=\"2304\" height=\"1728\" src=\"https:\/\/vs-lohnsburg.at\/wp-content\/uploads\/2024\/05\/IMG_20240524_103238.jpg\" class=\"slider-2847 slide-2876 msDefaultImage\" alt=\"\" data-caption=\"\" data-thumb=\"\" title=\"IMG_20240524_103238\" rel=\"\" srcset=\"https:\/\/vs-lohnsburg.at\/wp-content\/uploads\/2024\/05\/IMG_20240524_103238.jpg 2304w, https:\/\/vs-lohnsburg.at\/wp-content\/uploads\/2024\/05\/IMG_20240524_103238-300x225.jpg 300w, https:\/\/vs-lohnsburg.at\/wp-content\/uploads\/2024\/05\/IMG_20240524_103238-1024x768.jpg 1024w, https:\/\/vs-lohnsburg.at\/wp-content\/uploads\/2024\/05\/IMG_20240524_103238-768x576.jpg 768w, https:\/\/vs-lohnsburg.at\/wp-content\/uploads\/2024\/05\/IMG_20240524_103238-1536x1152.jpg 1536w, https:\/\/vs-lohnsburg.at\/wp-content\/uploads\/2024\/05\/IMG_20240524_103238-2048x1536.jpg 2048w\" sizes=\"auto, (max-width: 2304px) 100vw, 2304px\" \/><\/div><\/div>\n        \n    <\/div>\n<\/div>\r\n","protected":false},"excerpt":{"rendered":"<p>Am Freitag, 24. Mai 2024, nahmen die Kinder der dritten Klassen am &#8222;Klimaaktiv mobil Radfahrkurs&#8220; teil. In dem vom Bundesministerium &hellip; <\/p>\n","protected":false},"author":1,"featured_media":0,"comment_status":"closed","ping_status":"closed","sticky":false,"template":"","format":"standard","meta":{"footnotes":""},"categories":[11],"tags":[],"class_list":["post-2845","post","type-post","status-publish","format-standard","hentry","category-schule"],"_links":{"self":[{"href":"https:\/\/vs-lohnsburg.at\/index.php?rest_route=\/wp\/v2\/posts\/2845","targetHints":{"allow":["GET"]}}],"collection":[{"href":"https:\/\/vs-lohnsburg.at\/index.php?rest_route=\/wp\/v2\/posts"}],"about":[{"href":"https:\/\/vs-lohnsburg.at\/index.php?rest_route=\/wp\/v2\/types\/post"}],"author":[{"embeddable":true,"href":"https:\/\/vs-lohnsburg.at\/index.php?rest_route=\/wp\/v2\/users\/1"}],"replies":[{"embeddable":true,"href":"https:\/\/vs-lohnsburg.at\/index.php?rest_route=%2Fwp%2Fv2%2Fcomments&post=2845"}],"version-history":[{"count":2,"href":"https:\/\/vs-lohnsburg.at\/index.php?rest_route=\/wp\/v2\/posts\/2845\/revisions"}],"predecessor-version":[{"id":2896,"href":"https:\/\/vs-lohnsburg.at\/index.php?rest_route=\/wp\/v2\/posts\/2845\/revisions\/2896"}],"wp:attachment":[{"href":"https:\/\/vs-lohnsburg.at\/index.php?rest_route=%2Fwp%2Fv2%2Fmedia&parent=2845"}],"wp:term":[{"taxonomy":"category","embeddable":true,"href":"https:\/\/vs-lohnsburg.at\/index.php?rest_route=%2Fwp%2Fv2%2Fcategories&post=2845"},{"taxonomy":"post_tag","embeddable":true,"href":"https:\/\/vs-lohnsburg.at\/index.php?rest_route=%2Fwp%2Fv2%2Ftags&post=2845"}],"curies":[{"name":"wp","href":"https:\/\/api.w.org\/{rel}","templated":true}]}}