{"id":2220,"date":"2023-12-07T08:18:25","date_gmt":"2023-12-07T07:18:25","guid":{"rendered":"https:\/\/vs-lohnsburg.at\/?p=2220"},"modified":"2024-01-12T12:05:12","modified_gmt":"2024-01-12T11:05:12","slug":"weihnachten-mit-allen-sinnen-erleben","status":"publish","type":"post","link":"https:\/\/vs-lohnsburg.at\/?p=2220","title":{"rendered":"Weihnachten mit allen Sinnen erleben"},"content":{"rendered":"\r\n<p>Eine Krippe, die alle 5 Sinne anspricht. Genau das bastelten die Kinder der 2. Klassen.<\/p>\r\n\r\n\r\n\r\n<p>Sie wurde in der Pfarrkirche aufgestellt.<\/p>\r\n\r\n\r\n\r\n<p><strong>Sehen:<\/strong> Bleib ein St\u00fcck vor der Krippe stehen. Lass dir Zeit und betrachte alles ruhig.<\/p>\r\n\r\n\r\n\r\n<p><strong>H\u00f6ren:<\/strong> Weihnachten feiern wir leise. Beweg die Dosen vorsichtig. Wir h\u00f6rt sich eine Nacht im Stall an? Es knistert, es klingt, es schneit!<\/p>\r\n\r\n\r\n\r\n<p><strong>F\u00fchlen:<\/strong> Was hat wohl das Jesuskind in der Krippe gesp\u00fcrt? Greif in jede Schachtel und lass dir Zeit!<\/p>\r\n\r\n\r\n\r\n<p><strong>Riechen<\/strong>: Die Krippenfiguren bergen ein Geheimnis. \u00d6ffne sie vorsichtig und rieche den Zauber der Weihnacht.<\/p>\r\n\r\n\r\n\r\n<p><strong>Schmecken:<\/strong> Was besa\u00dfen die Hirten wohl, die Geschenke brachten? Auch wenn es wenig ist, nimm auch du dir ein Geschenk mit und lass es dir schmecken!<\/p>\r\n\r\n\r\n\r\n<figure class=\"wp-block-image size-full\"><img decoding=\"async\" class=\"wp-image-2228\" src=\"https:\/\/vs-lohnsburg.at\/wp-content\/uploads\/2023\/12\/Krippe4-2.jpg\" alt=\"\" \/><\/figure>\r\n\r\n\r\n\r\n<figure class=\"wp-block-image size-full\"><img decoding=\"async\" class=\"wp-image-2222\" src=\"https:\/\/vs-lohnsburg.at\/wp-content\/uploads\/2023\/12\/Krippe2-1.jpg\" alt=\"\" \/><\/figure>\r\n\r\n\r\n\r\n<figure class=\"wp-block-image size-full\"><img decoding=\"async\" class=\"wp-image-2225\" src=\"https:\/\/vs-lohnsburg.at\/wp-content\/uploads\/2023\/12\/Krippe5-1.jpg\" alt=\"\" \/><\/figure>\r\n\r\n\r\n\r\n<figure class=\"wp-block-image size-full\"><img decoding=\"async\" class=\"wp-image-2229\" src=\"https:\/\/vs-lohnsburg.at\/wp-content\/uploads\/2023\/12\/Krippe1-3.jpg\" alt=\"\" \/><\/figure>\r\n\r\n\r\n\r\n<figure class=\"wp-block-image size-full\"><img decoding=\"async\" class=\"wp-image-2223\" src=\"https:\/\/vs-lohnsburg.at\/wp-content\/uploads\/2023\/12\/Krippe3-1.jpg\" alt=\"\" \/><\/figure>\r\n\r\n\r\n\r\n<figure class=\"wp-block-image size-full\"><img decoding=\"async\" class=\"wp-image-2226\" src=\"https:\/\/vs-lohnsburg.at\/wp-content\/uploads\/2023\/12\/Krippe6-1.jpg\" alt=\"\" \/><\/figure>\r\n<figure class=\"wp-block-image size-full\"><span style=\"font-size: 16px;\">Die Kinder haben in Gruppen f\u00fcnf wundersch\u00f6ne Krippen gebastelt. In der Advent- und Weihnachtszeit standen sie an verschiedenen Pl\u00e4tzen im Ort und erfreuten die vorbeigehenden Menschen. So wollten wir zu einer weihnachtlichen Stimmung im Ort beitragen.<\/span><\/figure>\r\n<figure class=\"wp-block-image size-full\"><span style=\"font-size: 16px;\">Wir bedanken uns ganz herzlich beim Jugend- und Kinderausschuss der Pfarre Lohnsburg f\u00fcr die Idee und tatkr\u00e4ftige Unterst\u00fctzung beim Aufstellen der Krippen.<\/span><\/figure>\r\n<figure class=\"wp-block-image size-full\"><span style=\"font-size: 16px;\">Vielen Dank f\u00fcr die wunderbaren &#8222;Hoazn&#8220; von Schneider z\u00b4Lauterbach, die unsere Krippen vor Wind und Schnee sch\u00fctzten.\u00a0<\/span><\/figure>\r\n<div id=\"metaslider-id-2280\" style=\"max-width: 700px; margin: 0 auto;\" class=\"ml-slider-3-99-0 metaslider metaslider-nivo metaslider-2280 ml-slider ms-theme-default\" role=\"region\" aria-label=\"Krippen\" data-width=\"700\">\n    <div id=\"metaslider_container_2280\">\n        <div class='slider-wrapper theme-default'><div class='ribbon'><\/div><div id='metaslider_2280' class='nivoSlider'><\/div><\/div>\n        \n    <\/div>\n<\/div>\r\n<p style=\"text-align: center;\">\u00a0<\/p>\r\n<p>\r\n\r\n<\/p>\r\n<p style=\"text-align: center;\">\u00a0<\/p>\r\n","protected":false},"excerpt":{"rendered":"<p>Eine Krippe, die alle 5 Sinne anspricht. Genau das bastelten die Kinder der 2. Klassen. Sie wurde in der Pfarrkirche &hellip; <\/p>\n","protected":false},"author":1,"featured_media":0,"comment_status":"closed","ping_status":"closed","sticky":false,"template":"","format":"standard","meta":{"footnotes":""},"categories":[11],"tags":[],"class_list":["post-2220","post","type-post","status-publish","format-standard","hentry","category-schule"],"_links":{"self":[{"href":"https:\/\/vs-lohnsburg.at\/index.php?rest_route=\/wp\/v2\/posts\/2220","targetHints":{"allow":["GET"]}}],"collection":[{"href":"https:\/\/vs-lohnsburg.at\/index.php?rest_route=\/wp\/v2\/posts"}],"about":[{"href":"https:\/\/vs-lohnsburg.at\/index.php?rest_route=\/wp\/v2\/types\/post"}],"author":[{"embeddable":true,"href":"https:\/\/vs-lohnsburg.at\/index.php?rest_route=\/wp\/v2\/users\/1"}],"replies":[{"embeddable":true,"href":"https:\/\/vs-lohnsburg.at\/index.php?rest_route=%2Fwp%2Fv2%2Fcomments&post=2220"}],"version-history":[{"count":5,"href":"https:\/\/vs-lohnsburg.at\/index.php?rest_route=\/wp\/v2\/posts\/2220\/revisions"}],"predecessor-version":[{"id":2317,"href":"https:\/\/vs-lohnsburg.at\/index.php?rest_route=\/wp\/v2\/posts\/2220\/revisions\/2317"}],"wp:attachment":[{"href":"https:\/\/vs-lohnsburg.at\/index.php?rest_route=%2Fwp%2Fv2%2Fmedia&parent=2220"}],"wp:term":[{"taxonomy":"category","embeddable":true,"href":"https:\/\/vs-lohnsburg.at\/index.php?rest_route=%2Fwp%2Fv2%2Fcategories&post=2220"},{"taxonomy":"post_tag","embeddable":true,"href":"https:\/\/vs-lohnsburg.at\/index.php?rest_route=%2Fwp%2Fv2%2Ftags&post=2220"}],"curies":[{"name":"wp","href":"https:\/\/api.w.org\/{rel}","templated":true}]}}